{"id":1928,"date":"2026-03-02T21:58:11","date_gmt":"2026-03-02T19:58:11","guid":{"rendered":"http:\/\/tb-wilferdingen.de\/?p=1928"},"modified":"2026-03-06T22:13:18","modified_gmt":"2026-03-06T20:13:18","slug":"oberliga-geraetturnen-btb-wkg-wilferdingen-noettingen","status":"publish","type":"post","link":"http:\/\/tb-wilferdingen.de\/?p=1928","title":{"rendered":"Oberliga Ger\u00e4tturnen BTB &#8211; WKG Wilferdingen\/N\u00f6ttingen"},"content":{"rendered":"<p>Die Wettkampfgemeinschaft (WKG) Wilferdingen\/N\u00f6ttingen hat in der Oberliga Ger\u00e4tturnen am vergangenen Samstag eine herbe Niederlage einstecken m\u00fcssen. Mit 16:48 Score-Punkten verlor der Aufsteiger beim letztj\u00e4hrigen Titeltr\u00e4ger Stadt-Turnverein Singen klar. Zumindest aber einen Ger\u00e4tepunkt konnte die Remchinger Riege zu ihren Gunsten verbuchen. Diesen sicherte Ben Arendt der WKG mit seinem Kasamatsu am Sprung quasi im Alleingang. Mit einer Note von 12,50 Punkte war dies auch die Tagesh\u00f6chstwertung des Wettkampfs.<\/p>\n<p><!--more--><\/p>\n<p>Die Remchinger Turner waren ohne Leistungstr\u00e4ger Luc Walterspacher an den Bodensee gereist. Am Boden gab in dieser Saison Lenny Neff sein Deb\u00fct und gewann sein Duell mit einem Punkt, dies sollte die einzige F\u00fchrung der WKG bleiben. Singen gewann die Ger\u00e4tewertung klar mit 9:1. Arendt und Fabian Giebelh\u00e4user erturnten am Pauschenpferd jeweils drei Scores, trotzdem ging auch die Ger\u00e4tewertung mit 6:7 an den Gastgeber. Wie schon in der Vorwoche wusste Marcel Guigas an den Ringen mit dem einzigen Duell-Sieg mit drei Scores zu \u00fcberzeugen. Mit 0:15 und 3:7 verlor die WKG die letzten beiden Ger\u00e4te Barren und Reck auch klar, lediglich Trainer Dirk Walterspacher punktete im letzten Duell routiniert mit drei Scores. In der Einzelwertung platzierte sich Ben Arendt auf dem dritten Rang, weiterhin waren J\u00f6rg Planner, Jonas Becker, Marvin Hammer und Finn Schneider f\u00fcr die Remchinger im Einsatz. Heinz-Werner Haas und Alexander Walch brachten ihre Kompetenz als Kampfrichter ein.<\/p>\n<p><img loading=\"lazy\" decoding=\"async\" class=\"alignnone size-medium wp-image-1930\" src=\"http:\/\/tb-wilferdingen.de\/wp-content\/uploads\/2026\/03\/2026-Marcel-Guigas-WKG-Wilferdingen-Noettingen-Ringe-Foto-Tom-Arendt-218x300.jpg\" alt=\"\" width=\"218\" height=\"300\" srcset=\"http:\/\/tb-wilferdingen.de\/wp-content\/uploads\/2026\/03\/2026-Marcel-Guigas-WKG-Wilferdingen-Noettingen-Ringe-Foto-Tom-Arendt-218x300.jpg 218w, http:\/\/tb-wilferdingen.de\/wp-content\/uploads\/2026\/03\/2026-Marcel-Guigas-WKG-Wilferdingen-Noettingen-Ringe-Foto-Tom-Arendt-742x1024.jpg 742w, http:\/\/tb-wilferdingen.de\/wp-content\/uploads\/2026\/03\/2026-Marcel-Guigas-WKG-Wilferdingen-Noettingen-Ringe-Foto-Tom-Arendt-768x1059.jpg 768w, http:\/\/tb-wilferdingen.de\/wp-content\/uploads\/2026\/03\/2026-Marcel-Guigas-WKG-Wilferdingen-Noettingen-Ringe-Foto-Tom-Arendt-1114x1536.jpg 1114w, http:\/\/tb-wilferdingen.de\/wp-content\/uploads\/2026\/03\/2026-Marcel-Guigas-WKG-Wilferdingen-Noettingen-Ringe-Foto-Tom-Arendt-1485x2048.jpg 1485w, http:\/\/tb-wilferdingen.de\/wp-content\/uploads\/2026\/03\/2026-Marcel-Guigas-WKG-Wilferdingen-Noettingen-Ringe-Foto-Tom-Arendt-1200x1655.jpg 1200w, http:\/\/tb-wilferdingen.de\/wp-content\/uploads\/2026\/03\/2026-Marcel-Guigas-WKG-Wilferdingen-Noettingen-Ringe-Foto-Tom-Arendt.jpg 1856w\" sizes=\"(max-width: 218px) 85vw, 218px\" \/><\/p>\n<p>Nach den ersten beiden Niederlagen herrscht bei der WKG Wilferdingen\/N\u00f6ttingen trotzdem positive Stimmung. \u201eDass die ersten beiden Wettk\u00e4mpfe schwierig werden haben wir gewusst. Nun kommen die Gegner, die wir bezwingen k\u00f6nnen\u201c sagt Trainer Dirk Walterspacher. Am kommenden Samstag gastiert die TG Breisgau bei den Remchingern. Deren Wettkampf am Wochenende wurde von den Gegnern abgesagt. Das Aufeinandertreffen am 07. M\u00e4rz beginnt um 16:00 Uhr in der Turnhalle des TV N\u00f6ttingen und ist gleichzeitig der letzte Heimwettkampf der laufenden Runde. Bei freiem Eintritt sind die Freunde des Ger\u00e4tturnens herzlich eingeladen dieses Oberligaduell anzuschauen.<\/p>\n<p><strong>Detailergebnisse unter folgendem Link: <\/strong><\/p>\n<p>www.badischer-turner-bund.de\/turnsport\/geraetturnen\/btb-ligen-maenner\/oberliga<\/p>\n<p><strong>Ergebnisse Oberliga Ger\u00e4tturnen 2. Wettkampftag<\/strong><\/p>\n<p>Score-Punkte\u00a0\u00a0\u00a0\u00a0\u00a0\u00a0\u00a0\u00a0\u00a0\u00a0\u00a0\u00a0\u00a0\u00a0\u00a0\u00a0\u00a0\u00a0\u00a0\u00a0\u00a0\u00a0\u00a0 Ger\u00e4te<\/p>\n<p>TG Breisgau &#8211; TV Neckerau\u00a0 \u00a0 \u00a0 \u00a0 \u00a0 \u00a0 \u00a0 \u00a0 \u00a0 Abgesagt\u00a0 \u00a0 \u00a0 \u00a0 \u00a0 \u00a0 \u00a0 \u00a0 \u00a0 \u00a0 \u00a0 \u00a0 \u00a0 \u00a0 \u00a0 \u00a0 \u00a012:0<\/p>\n<p>TV Iffezheim &#8211; TSV Weingarten\u00a0 \u00a0 \u00a0 \u00a0 \u00a0 \u00a037:25\u00a0 \u00a0 \u00a0 \u00a0 \u00a0 \u00a0 \u00a0 \u00a0 \u00a0 \u00a0 \u00a0 \u00a0 \u00a0 \u00a0 \u00a0 \u00a0 \u00a0 \u00a0 \u00a0 \u00a0 \u00a09:3<\/p>\n<p>Stadt TV Singen &#8211; WKG Wilferdingen\/N\u00f6ttingen\u00a0 \u00a048:16\u00a0 \u00a0 \u00a0 \u00a0 \u00a0 \u00a0 \u00a0 \u00a0 11:1<\/p>\n<p><img loading=\"lazy\" decoding=\"async\" class=\"alignnone size-medium wp-image-1931\" src=\"http:\/\/tb-wilferdingen.de\/wp-content\/uploads\/2026\/03\/2026-TV-Ersingen-Team-1.-Wettkampf-Foto-Ferdinand-Asal-300x225.jpeg\" alt=\"\" width=\"300\" height=\"225\" srcset=\"http:\/\/tb-wilferdingen.de\/wp-content\/uploads\/2026\/03\/2026-TV-Ersingen-Team-1.-Wettkampf-Foto-Ferdinand-Asal-300x225.jpeg 300w, http:\/\/tb-wilferdingen.de\/wp-content\/uploads\/2026\/03\/2026-TV-Ersingen-Team-1.-Wettkampf-Foto-Ferdinand-Asal-1024x768.jpeg 1024w, http:\/\/tb-wilferdingen.de\/wp-content\/uploads\/2026\/03\/2026-TV-Ersingen-Team-1.-Wettkampf-Foto-Ferdinand-Asal-768x576.jpeg 768w, http:\/\/tb-wilferdingen.de\/wp-content\/uploads\/2026\/03\/2026-TV-Ersingen-Team-1.-Wettkampf-Foto-Ferdinand-Asal-1536x1152.jpeg 1536w, http:\/\/tb-wilferdingen.de\/wp-content\/uploads\/2026\/03\/2026-TV-Ersingen-Team-1.-Wettkampf-Foto-Ferdinand-Asal-2048x1536.jpeg 2048w, http:\/\/tb-wilferdingen.de\/wp-content\/uploads\/2026\/03\/2026-TV-Ersingen-Team-1.-Wettkampf-Foto-Ferdinand-Asal-1200x900.jpeg 1200w\" sizes=\"(max-width: 300px) 85vw, 300px\" \/><\/p>\n","protected":false},"excerpt":{"rendered":"<p>Die Wettkampfgemeinschaft (WKG) Wilferdingen\/N\u00f6ttingen hat in der Oberliga Ger\u00e4tturnen am vergangenen Samstag eine herbe Niederlage einstecken m\u00fcssen. Mit 16:48 Score-Punkten verlor der Aufsteiger beim letztj\u00e4hrigen Titeltr\u00e4ger Stadt-Turnverein Singen klar. Zumindest aber einen Ger\u00e4tepunkt konnte die Remchinger Riege zu ihren Gunsten verbuchen. Diesen sicherte Ben Arendt der WKG mit seinem Kasamatsu am Sprung quasi im Alleingang. &hellip; <a href=\"http:\/\/tb-wilferdingen.de\/?p=1928\" class=\"more-link\"><span class=\"screen-reader-text\">&#8222;Oberliga Ger\u00e4tturnen BTB &#8211; WKG Wilferdingen\/N\u00f6ttingen&#8220; <\/span>weiterlesen<\/a><\/p>\n","protected":false},"author":1,"featured_media":0,"comment_status":"closed","ping_status":"closed","sticky":false,"template":"","format":"standard","meta":{"footnotes":""},"categories":[1],"tags":[],"_links":{"self":[{"href":"http:\/\/tb-wilferdingen.de\/index.php?rest_route=\/wp\/v2\/posts\/1928"}],"collection":[{"href":"http:\/\/tb-wilferdingen.de\/index.php?rest_route=\/wp\/v2\/posts"}],"about":[{"href":"http:\/\/tb-wilferdingen.de\/index.php?rest_route=\/wp\/v2\/types\/post"}],"author":[{"embeddable":true,"href":"http:\/\/tb-wilferdingen.de\/index.php?rest_route=\/wp\/v2\/users\/1"}],"replies":[{"embeddable":true,"href":"http:\/\/tb-wilferdingen.de\/index.php?rest_route=%2Fwp%2Fv2%2Fcomments&post=1928"}],"version-history":[{"count":2,"href":"http:\/\/tb-wilferdingen.de\/index.php?rest_route=\/wp\/v2\/posts\/1928\/revisions"}],"predecessor-version":[{"id":1932,"href":"http:\/\/tb-wilferdingen.de\/index.php?rest_route=\/wp\/v2\/posts\/1928\/revisions\/1932"}],"wp:attachment":[{"href":"http:\/\/tb-wilferdingen.de\/index.php?rest_route=%2Fwp%2Fv2%2Fmedia&parent=1928"}],"wp:term":[{"taxonomy":"category","embeddable":true,"href":"http:\/\/tb-wilferdingen.de\/index.php?rest_route=%2Fwp%2Fv2%2Fcategories&post=1928"},{"taxonomy":"post_tag","embeddable":true,"href":"http:\/\/tb-wilferdingen.de\/index.php?rest_route=%2Fwp%2Fv2%2Ftags&post=1928"}],"curies":[{"name":"wp","href":"https:\/\/api.w.org\/{rel}","templated":true}]}}