{"id":1933,"date":"2026-02-24T22:18:39","date_gmt":"2026-02-24T20:18:39","guid":{"rendered":"http:\/\/tb-wilferdingen.de\/?p=1933"},"modified":"2026-03-06T22:27:35","modified_gmt":"2026-03-06T20:27:35","slug":"oberliga-geraetturnen-badischer-turner-bund-wkg-wilferdingen-noettingen-2","status":"publish","type":"post","link":"http:\/\/tb-wilferdingen.de\/?p=1933","title":{"rendered":"Oberliga Ger\u00e4tturnen Badischer Turner-Bund WKG Wilferdingen\/N\u00f6ttingen"},"content":{"rendered":"<p align=\"JUSTIFY\">Der erste Wettkampf der Wettkampfgemeinschaft (WKG) Wilferdingen\/N\u00f6ttingen in der Oberliga Ger\u00e4tturnen des Badischen Turner-Bundes am vergangenen Samstag war sicherlich nichts f\u00fcr Menschen mit schwachen Nerven. Mit 32:33 nach Score-Punkten verlor die Equipe von Trainer Dirk Walterspacher \u00e4u\u00dferst knapp gegen den TV Iffezheim. Auch die reell erturnten Punkte von 256,55 : 258;00 spiegeln das Ergebnis wieder. \u201eUnter dem Strich passt das, wir haben zu viele Fehler gemacht, die Iffezheimer haben dies ausgenutzt und ihre ganze Routine in die Waagschale geworfen\u201c res\u00fcmiert Walterspacher nach dem Wettkampf.<\/p>\n<p align=\"JUSTIFY\"><!--more--><\/p>\n<p align=\"JUSTIFY\">Zu Beginn am Boden war Luc Walterspacher der einzige WKG-Turner, der Z\u00e4hlbares f\u00fcr die Remchinger sammeln konnte. Somit ging die Ger\u00e4tewertung, auch infolge eigener Unzul\u00e4nglichkeiten, mit 3:7 an die G\u00e4ste. In guter Form pr\u00e4sentierten sich Ben Arendt, J\u00f6rg Planner und Fabian Giebelh\u00e4user am Pauschenpferd und brachten der WKG nach starker Leistung die ersten beiden Ger\u00e4tepunkte mit 11:5 ein. An den Ringen bauten die WKG-Turner ihre Gesamtf\u00fchrung mit 8:2 Scores-Punkten weiter aus. Viel Szenenapplaus bekam Marcel Guigas bei seiner Liga-Premiere f\u00fcr seine mit Kraftelementen gespickten K\u00fcr, die mit drei Scores von den Kampfrichtern belohnt wurde. Letztendlich entscheidend f\u00fcr das Wettkampfergebnis war ohne Zweifel die deutliche 0:12 Niederlage am Sprung. Auch Ger\u00e4tespezialist Marvin Hammer hatte mit seinen Kasamatsu keine Chance auf Score-Punkte. Am Barren bauten die Iffezheimer ihre F\u00fchrung um weitere zwei Z\u00e4hler aus. Auf Seiten der WKG war der mittlerweile 45-J\u00e4hrige Routinier Heiko Waeldin in der Holmengasse im Einsatz. Die Dramatik am K\u00f6nigsger\u00e4t Reck war an Spannung kaum zu \u00fcberbieten. Nach drei Scores von Ben Arendt und soliden Leistungen der beiden Walterspachers lag die WKG mit f\u00fcnf Punkten im R\u00fcckstand. Christian Reiser turnte eine sehr saubere K\u00fcr, sein direkter Gegner hatte Fehler in seiner \u00dcbung. Nach minutenlangem Warten kam die Entscheidung der Kampfrichter, vier Punkte f\u00fcr die WKG, einer zu wenig f\u00fcr ein Unentschieden.<\/p>\n<p align=\"JUSTIFY\">Mit 16 Scores gewann der Franzose Enzo Specht-Le Nillon im Iffezheimer Trikot die Einzelwertung, auf dem zweiten Platz folgt Ben Arendt mit zehn Punkten, den gemeinsamen dritten Rang belegen J\u00f6rg Planner und Luc Walterspacher (jeweils sechs).<\/p>\n<p align=\"JUSTIFY\">Den zweiten Wettkampf der Saison bestreitet die WKG Wilferdingen\/N\u00f6ttingen am Samstag, 28. Februar beim Stadt Turnverein Singen. \u201eVielleicht k\u00f6nnen dann Jonas Becker, Finn Schneider und Lenny Neff f\u00fcr uns an die Ger\u00e4te gehen\u201c blickt der \u00dcbungsleiter voraus. Die Turner vom Bodensee haben ihren Wettkampf beim TV Neckarau mit 52:18 Score-Punkten gewonnen. Wettkampfbeginn ist um 15:00 Uhr im Turnzentrum Singen.<\/p>\n<p align=\"JUSTIFY\">Detailergebnisse unter folgendem Link:<\/p>\n<p align=\"JUSTIFY\">www.badischer-turner-bund.de\/turnsport\/geraetturnen\/btb-ligen-maenner\/oberliga<\/p>\n<p align=\"JUSTIFY\">Ergebnisse Oberliga Ger\u00e4tturnen 1. Wettkampftag<\/p>\n<p align=\"JUSTIFY\">\u00a0 \u00a0 \u00a0 \u00a0 \u00a0 \u00a0 \u00a0 \u00a0 \u00a0 \u00a0 \u00a0 \u00a0 \u00a0 \u00a0 \u00a0 \u00a0 \u00a0 \u00a0 \u00a0 \u00a0 \u00a0 \u00a0 \u00a0 \u00a0 \u00a0 \u00a0 \u00a0 \u00a0 \u00a0 \u00a0 \u00a0 \u00a0 \u00a0 \u00a0 \u00a0 \u00a0 \u00a0 \u00a0 \u00a0 \u00a0 \u00a0 Score-Punkte Ger\u00e4te<\/p>\n<p align=\"JUSTIFY\">TSV Weingarten &#8211; TG Breisgau\u00a0 \u00a0 \u00a0 \u00a0 \u00a0 \u00a0 \u00a0 \u00a0 \u00a0 \u00a0 \u00a0 \u00a0 \u00a0 \u00a0 \u00a0 \u00a0 59:24\u00a0 \u00a0 \u00a0 \u00a0 \u00a0 \u00a0 \u00a0 \u00a0 10:2<\/p>\n<p align=\"JUSTIFY\">WKG Wilferdingen\/N\u00f6ttingen &#8211; TV Iffezheim\u00a0 \u00a0 \u00a0 \u00a0 \u00a0 \u00a0 32:33\u00a0 \u00a0 \u00a0 \u00a0 \u00a0 \u00a0 \u00a0 \u00a0 \u00a0 6:6<\/p>\n<p align=\"JUSTIFY\">TV Neckarau &#8211; Stadt TV Singen\u00a0 \u00a0 \u00a0 \u00a0 \u00a0 \u00a0 \u00a0 \u00a0 \u00a0 \u00a0 \u00a0 \u00a0 \u00a0 \u00a0 \u00a0 \u00a018:52\u00a0 \u00a0 \u00a0 \u00a0 \u00a0 \u00a0 \u00a0 \u00a0 \u00a0 2:10<\/p>\n<p align=\"JUSTIFY\"><img loading=\"lazy\" decoding=\"async\" src=\"http:\/\/tb-wilferdingen.de\/wp-content\/uploads\/2026\/03\/2026-Ben-Arendt-WKG-Wilferdingen-Noettingen-beim-Deltschev-an-den-Ringen-Foto-Tom-Arendt-300x225.jpg\" alt=\"\" width=\"300\" height=\"225\" \/><\/p>\n","protected":false},"excerpt":{"rendered":"<p>Der erste Wettkampf der Wettkampfgemeinschaft (WKG) Wilferdingen\/N\u00f6ttingen in der Oberliga Ger\u00e4tturnen des Badischen Turner-Bundes am vergangenen Samstag war sicherlich nichts f\u00fcr Menschen mit schwachen Nerven. Mit 32:33 nach Score-Punkten verlor die Equipe von Trainer Dirk Walterspacher \u00e4u\u00dferst knapp gegen den TV Iffezheim. Auch die reell erturnten Punkte von 256,55 : 258;00 spiegeln das Ergebnis wieder. &hellip; <a href=\"http:\/\/tb-wilferdingen.de\/?p=1933\" class=\"more-link\"><span class=\"screen-reader-text\">&#8222;Oberliga Ger\u00e4tturnen Badischer Turner-Bund WKG Wilferdingen\/N\u00f6ttingen&#8220; <\/span>weiterlesen<\/a><\/p>\n","protected":false},"author":1,"featured_media":0,"comment_status":"closed","ping_status":"closed","sticky":false,"template":"","format":"standard","meta":{"footnotes":""},"categories":[1],"tags":[],"_links":{"self":[{"href":"http:\/\/tb-wilferdingen.de\/index.php?rest_route=\/wp\/v2\/posts\/1933"}],"collection":[{"href":"http:\/\/tb-wilferdingen.de\/index.php?rest_route=\/wp\/v2\/posts"}],"about":[{"href":"http:\/\/tb-wilferdingen.de\/index.php?rest_route=\/wp\/v2\/types\/post"}],"author":[{"embeddable":true,"href":"http:\/\/tb-wilferdingen.de\/index.php?rest_route=\/wp\/v2\/users\/1"}],"replies":[{"embeddable":true,"href":"http:\/\/tb-wilferdingen.de\/index.php?rest_route=%2Fwp%2Fv2%2Fcomments&post=1933"}],"version-history":[{"count":3,"href":"http:\/\/tb-wilferdingen.de\/index.php?rest_route=\/wp\/v2\/posts\/1933\/revisions"}],"predecessor-version":[{"id":1937,"href":"http:\/\/tb-wilferdingen.de\/index.php?rest_route=\/wp\/v2\/posts\/1933\/revisions\/1937"}],"wp:attachment":[{"href":"http:\/\/tb-wilferdingen.de\/index.php?rest_route=%2Fwp%2Fv2%2Fmedia&parent=1933"}],"wp:term":[{"taxonomy":"category","embeddable":true,"href":"http:\/\/tb-wilferdingen.de\/index.php?rest_route=%2Fwp%2Fv2%2Fcategories&post=1933"},{"taxonomy":"post_tag","embeddable":true,"href":"http:\/\/tb-wilferdingen.de\/index.php?rest_route=%2Fwp%2Fv2%2Ftags&post=1933"}],"curies":[{"name":"wp","href":"https:\/\/api.w.org\/{rel}","templated":true}]}}